{"id":358,"date":"2019-06-25T16:03:20","date_gmt":"2019-06-25T14:03:20","guid":{"rendered":"http:\/\/zprpl.pollub.pl\/?p=358"},"modified":"2019-09-19T09:35:02","modified_gmt":"2019-09-19T07:35:02","slug":"panel-z-pracodawcami-ict-nt-kompetencji-inzyniera-w-obszarze-information-technology","status":"publish","type":"post","link":"http:\/\/zprpl.pollub.pl\/index.php\/2019\/06\/25\/panel-z-pracodawcami-ict-nt-kompetencji-inzyniera-w-obszarze-information-technology\/","title":{"rendered":"Panel z Pracodawcami ICT nt. kompetencji in\u017cyniera w obszarze Information Technology"},"content":{"rendered":"<p>Dnia 24 czerwca 2019 roku odby\u0142o si\u0119 spotkanie panelowe z pracodawcami ICT nt. kompetencji in\u017cyniera w obszarze Information Technology<\/p>\n<p>Czas: 24 czerwca 2019 r., g. 14:00 &#8211; 16:50<\/p>\n<p>Miejsce: Wydzia\u0142 Elektrotechniki i Informatyki Politechniki Lubelskiej, ul. Nadbystrzycka 38A, sala E212<\/p>\n<p>Moderator: dr in\u017c. Maria Skublewska-Paszkowska, Pe\u0142nomocnik Dyrektora Instytutu Informatyki ds. Koordynacji Wsp\u00f3\u0142pracy z Przemys\u0142em<\/p>\n<p>Sprawozdanie z panelu jest dost\u0119pne w biurze projektu.<\/p>\n<p><a href=\"http:\/\/zprpl.pollub.pl\/wp-content\/uploads\/2019\/09\/Panel_IT_24_06_2019.docx\">Program panelu\u00a0<img loading=\"lazy\" class=\"alignnone wp-image-222\" src=\"http:\/\/zprpl.pollub.pl\/wp-content\/uploads\/2019\/07\/direct-download_318-1824-300x297.jpg\" alt=\"\" width=\"15\" height=\"15\" srcset=\"http:\/\/zprpl.pollub.pl\/wp-content\/uploads\/2019\/07\/direct-download_318-1824-300x297.jpg 300w, http:\/\/zprpl.pollub.pl\/wp-content\/uploads\/2019\/07\/direct-download_318-1824-150x150.jpg 150w, http:\/\/zprpl.pollub.pl\/wp-content\/uploads\/2019\/07\/direct-download_318-1824.jpg 626w\" sizes=\"(max-width: 15px) 100vw, 15px\" \/><\/a><\/p>\n<p><a href=\"http:\/\/zprpl.pollub.pl\/index.php\/2019\/09\/19\/panel-z-pracodawcami-ict-nt-kompetencji-inzyniera-w-obszarze-information-technology-2\/\">Galeria<\/a><\/p>\n<p>&nbsp;<\/p>\n","protected":false},"excerpt":{"rendered":"<p>Dnia 24 czerwca 2019 roku odby\u0142o si\u0119 spotkanie panelowe z pracodawcami ICT nt. kompetencji in\u017cyniera w obszarze Information Technology Czas: 24 czerwca 2019 r., g.&hellip;<\/p>\n","protected":false},"author":1,"featured_media":0,"comment_status":"closed","ping_status":"closed","sticky":false,"template":"","format":"standard","meta":[],"categories":[4],"tags":[],"_links":{"self":[{"href":"http:\/\/zprpl.pollub.pl\/index.php\/wp-json\/wp\/v2\/posts\/358"}],"collection":[{"href":"http:\/\/zprpl.pollub.pl\/index.php\/wp-json\/wp\/v2\/posts"}],"about":[{"href":"http:\/\/zprpl.pollub.pl\/index.php\/wp-json\/wp\/v2\/types\/post"}],"author":[{"embeddable":true,"href":"http:\/\/zprpl.pollub.pl\/index.php\/wp-json\/wp\/v2\/users\/1"}],"replies":[{"embeddable":true,"href":"http:\/\/zprpl.pollub.pl\/index.php\/wp-json\/wp\/v2\/comments?post=358"}],"version-history":[{"count":6,"href":"http:\/\/zprpl.pollub.pl\/index.php\/wp-json\/wp\/v2\/posts\/358\/revisions"}],"predecessor-version":[{"id":498,"href":"http:\/\/zprpl.pollub.pl\/index.php\/wp-json\/wp\/v2\/posts\/358\/revisions\/498"}],"wp:attachment":[{"href":"http:\/\/zprpl.pollub.pl\/index.php\/wp-json\/wp\/v2\/media?parent=358"}],"wp:term":[{"taxonomy":"category","embeddable":true,"href":"http:\/\/zprpl.pollub.pl\/index.php\/wp-json\/wp\/v2\/categories?post=358"},{"taxonomy":"post_tag","embeddable":true,"href":"http:\/\/zprpl.pollub.pl\/index.php\/wp-json\/wp\/v2\/tags?post=358"}],"curies":[{"name":"wp","href":"https:\/\/api.w.org\/{rel}","templated":true}]}}